{"id":5203,"date":"2026-04-29T19:49:34","date_gmt":"2026-04-29T17:49:34","guid":{"rendered":"https:\/\/machala247.com\/?p=5203"},"modified":"2026-04-29T19:49:34","modified_gmt":"2026-04-29T17:49:34","slug":"conaie-no-impulsara-revocatoria-de-daniel-noboa-este-2026","status":"publish","type":"post","link":"https:\/\/machala247.com\/index.php\/2026\/04\/29\/conaie-no-impulsara-revocatoria-de-daniel-noboa-este-2026\/","title":{"rendered":"Conaie no impulsar\u00e1 revocatoria de Daniel Noboa este 2026"},"content":{"rendered":"<p>La Confederaci\u00f3n de Nacionalidades Ind\u00edgenas del Ecuador (Conaie) anunci\u00f3 que no participar\u00e1 ni impulsar\u00e1 una revocatoria del mandato del presidente Daniel Noboa, pero s\u00ed llam\u00f3 a movilizaciones en todo el pa\u00eds por el costo de la vida y otros reclamos sociales.<\/p>\n<h3>Conaie descarta revocatoria presidencial<\/h3>\n<p>En un comunicado, la Conaie inform\u00f3 que su Consejo Ampliado, realizado en marzo de 2026, resolvi\u00f3 no apoyar esta medida.<\/p>\n<p>Seg\u00fan su an\u00e1lisis, una revocatoria en el contexto actual\u00a0\u201cno resuelve los problemas de la gente\u201d.<\/p>\n<p>La organizaci\u00f3n tambi\u00e9n advirti\u00f3 que un eventual cambio de mandatario \u201cno garantiza transformaciones reales\u201d.<\/p>\n<p>Adem\u00e1s, rechaz\u00f3 versiones que la vinculan con acuerdos pol\u00edticos o posturas individuales relacionadas con el Gobierno.<\/p>\n<h3>Convocatoria a marchas en todo el pa\u00eds<\/h3>\n<p>Pese a descartar la revocatoria, la Conaie anunci\u00f3 jornadas de movilizaci\u00f3n nacional en Quito y otras ciudades.<\/p>\n<p>La principal convocatoria ser\u00e1 el viernes 1 de Mayo, en el marco del D\u00eda del Trabajo, con la participaci\u00f3n de sus bases.<\/p>\n<h3>Reclamos: econom\u00eda, derechos y territorio<\/h3>\n<p>Entre las principales demandas est\u00e1n el alza de los combustibles, el alto costo de la vida, salarios dignos y empleo estable. Tambi\u00e9n incluyen la defensa de los territorios frente al extractivismo y el respeto a los derechos colectivos.<\/p>\n<p>A esto se suman exigencias por mejoras en salud y educaci\u00f3n p\u00fablica, dos temas que, seg\u00fan la organizaci\u00f3n, siguen siendo deudas pendientes del Estado con la poblaci\u00f3n.<\/p>\n","protected":false},"excerpt":{"rendered":"<p>La Confederaci\u00f3n de Nacionalidades Ind\u00edgenas del Ecuador (Conaie) anunci\u00f3 que no participar\u00e1 ni impulsar\u00e1 una revocatoria del mandato<\/p>\n","protected":false},"author":3,"featured_media":5204,"comment_status":"open","ping_status":"open","sticky":false,"template":"","format":"standard","meta":{"_jetpack_memberships_contains_paid_content":false,"footnotes":"","jetpack_publicize_message":"","jetpack_publicize_feature_enabled":true,"jetpack_social_post_already_shared":true,"jetpack_social_options":{"image_generator_settings":{"template":"highway","default_image_id":0,"font":"","enabled":false},"version":2}},"categories":[3],"tags":[],"class_list":["post-5203","post","type-post","status-publish","format-standard","has-post-thumbnail","hentry","category-ecuador"],"jetpack_publicize_connections":[],"featured_image_urls":{"full":["https:\/\/machala247.com\/wp-content\/uploads\/2026\/04\/69f22d848e38e.r_d.651-441-6303.jpeg",832,468,false],"thumbnail":["https:\/\/machala247.com\/wp-content\/uploads\/2026\/04\/69f22d848e38e.r_d.651-441-6303-150x150.jpeg",150,150,true],"medium":["https:\/\/machala247.com\/wp-content\/uploads\/2026\/04\/69f22d848e38e.r_d.651-441-6303-300x169.jpeg",300,169,true],"medium_large":["https:\/\/machala247.com\/wp-content\/uploads\/2026\/04\/69f22d848e38e.r_d.651-441-6303-768x432.jpeg",640,360,true],"large":["https:\/\/machala247.com\/wp-content\/uploads\/2026\/04\/69f22d848e38e.r_d.651-441-6303.jpeg",640,360,false],"1536x1536":["https:\/\/machala247.com\/wp-content\/uploads\/2026\/04\/69f22d848e38e.r_d.651-441-6303.jpeg",832,468,false],"2048x2048":["https:\/\/machala247.com\/wp-content\/uploads\/2026\/04\/69f22d848e38e.r_d.651-441-6303.jpeg",832,468,false],"morenews-featured":["https:\/\/machala247.com\/wp-content\/uploads\/2026\/04\/69f22d848e38e.r_d.651-441-6303.jpeg",832,468,false],"morenews-large":["https:\/\/machala247.com\/wp-content\/uploads\/2026\/04\/69f22d848e38e.r_d.651-441-6303-825x468.jpeg",825,468,true],"morenews-medium":["https:\/\/machala247.com\/wp-content\/uploads\/2026\/04\/69f22d848e38e.r_d.651-441-6303-590x410.jpeg",590,410,true]},"author_info":{"display_name":"Machala 247","author_link":"https:\/\/machala247.com\/index.php\/author\/danielmorocho\/"},"category_info":"<a href=\"https:\/\/machala247.com\/index.php\/category\/ecuador\/\" rel=\"category tag\">Ecuador<\/a>","tag_info":"Ecuador","comment_count":"0","jetpack_featured_media_url":"https:\/\/machala247.com\/wp-content\/uploads\/2026\/04\/69f22d848e38e.r_d.651-441-6303.jpeg","jetpack_sharing_enabled":true,"jetpack_shortlink":"https:\/\/wp.me\/pgQ5hh-1lV","_links":{"self":[{"href":"https:\/\/machala247.com\/index.php\/wp-json\/wp\/v2\/posts\/5203","targetHints":{"allow":["GET"]}}],"collection":[{"href":"https:\/\/machala247.com\/index.php\/wp-json\/wp\/v2\/posts"}],"about":[{"href":"https:\/\/machala247.com\/index.php\/wp-json\/wp\/v2\/types\/post"}],"author":[{"embeddable":true,"href":"https:\/\/machala247.com\/index.php\/wp-json\/wp\/v2\/users\/3"}],"replies":[{"embeddable":true,"href":"https:\/\/machala247.com\/index.php\/wp-json\/wp\/v2\/comments?post=5203"}],"version-history":[{"count":1,"href":"https:\/\/machala247.com\/index.php\/wp-json\/wp\/v2\/posts\/5203\/revisions"}],"predecessor-version":[{"id":5205,"href":"https:\/\/machala247.com\/index.php\/wp-json\/wp\/v2\/posts\/5203\/revisions\/5205"}],"wp:featuredmedia":[{"embeddable":true,"href":"https:\/\/machala247.com\/index.php\/wp-json\/wp\/v2\/media\/5204"}],"wp:attachment":[{"href":"https:\/\/machala247.com\/index.php\/wp-json\/wp\/v2\/media?parent=5203"}],"wp:term":[{"taxonomy":"category","embeddable":true,"href":"https:\/\/machala247.com\/index.php\/wp-json\/wp\/v2\/categories?post=5203"},{"taxonomy":"post_tag","embeddable":true,"href":"https:\/\/machala247.com\/index.php\/wp-json\/wp\/v2\/tags?post=5203"}],"curies":[{"name":"wp","href":"https:\/\/api.w.org\/{rel}","templated":true}]}}