{"id":5153,"date":"2026-04-28T00:49:21","date_gmt":"2026-04-27T22:49:21","guid":{"rendered":"https:\/\/machala247.com\/?p=5153"},"modified":"2026-04-28T00:49:21","modified_gmt":"2026-04-27T22:49:21","slug":"en-el-feriado-del-1-de-mayo-el-iva-para-el-turismo-bajara-del-15-al-8-en-ecuador","status":"publish","type":"post","link":"https:\/\/machala247.com\/index.php\/2026\/04\/28\/en-el-feriado-del-1-de-mayo-el-iva-para-el-turismo-bajara-del-15-al-8-en-ecuador\/","title":{"rendered":"En el feriado del 1 de mayo, el IVA para el turismo bajar\u00e1 del 15% al 8% en Ecuador"},"content":{"rendered":"<p>Los servicios tur\u00edsticos tendr\u00e1n un IVA del 8% durante el feriado del 1 de mayo, por el D\u00eda del Trabajo, que se extender\u00e1 por cuatro d\u00edas en Ecuador. As\u00ed lo estableci\u00f3 el presidente Daniel Noboa a trav\u00e9s del Decreto Ejecutivo 368, firmado el 27 de abril.<\/p>\n<p>El feriado del 1 de mayo ser\u00e1 de cuatro d\u00edas. Iniciar\u00e1 el jueves 30 de abril y terminar\u00e1 el domingo 3 de mayo.<\/p>\n<p>La reducci\u00f3n del Impuesto al Valor Agregado (IVA), del 15% al 8% se aplicar\u00e1 \u00fanicamente a los servicios definidos como actividades tur\u00edsticas, seg\u00fan el art\u00edculo 5 de la Ley de Turismo. Estos son:<\/p>\n<ul>\n<li>Alojamiento: Hoteles, hostales y posadas.<\/li>\n<li>Alimentaci\u00f3n: Restaurantes, cafeter\u00edas y establecimientos de comida y bebidas.<\/li>\n<li>Transporte tur\u00edstico: Incluye el alquiler de veh\u00edculos destinados a este fin y servicios de transporte especializado.<\/li>\n<li>Operaci\u00f3n y agencias: Paquetes tur\u00edsticos, tours y servicios de intermediaci\u00f3n.<\/li>\n<li>Eventos: Organizadoras de congresos, convenciones y ferias.<\/li>\n<\/ul>\n<p>El decreto ejecutivo a\u00f1ade que el Servicio de Rentas Internas (SRI) debe adoptar las acciones necesarias para la aplicaci\u00f3n de la reducci\u00f3n del IVA a estos servicios tur\u00edsticos durante el feriado.<\/p>\n","protected":false},"excerpt":{"rendered":"<p>Los servicios tur\u00edsticos tendr\u00e1n un IVA del 8% durante el feriado del 1 de mayo, por el D\u00eda<\/p>\n","protected":false},"author":3,"featured_media":5154,"comment_status":"open","ping_status":"open","sticky":false,"template":"","format":"standard","meta":{"_jetpack_memberships_contains_paid_content":false,"footnotes":"","jetpack_publicize_message":"","jetpack_publicize_feature_enabled":true,"jetpack_social_post_already_shared":true,"jetpack_social_options":{"image_generator_settings":{"template":"highway","default_image_id":0,"font":"","enabled":false},"version":2}},"categories":[3],"tags":[],"class_list":["post-5153","post","type-post","status-publish","format-standard","has-post-thumbnail","hentry","category-ecuador"],"jetpack_publicize_connections":[],"featured_image_urls":{"full":["https:\/\/machala247.com\/wp-content\/uploads\/2026\/04\/WWOVX76HHZDJVMXDRYZKEH3W4E-905x613-1.jpg",905,613,false],"thumbnail":["https:\/\/machala247.com\/wp-content\/uploads\/2026\/04\/WWOVX76HHZDJVMXDRYZKEH3W4E-905x613-1-150x150.jpg",150,150,true],"medium":["https:\/\/machala247.com\/wp-content\/uploads\/2026\/04\/WWOVX76HHZDJVMXDRYZKEH3W4E-905x613-1-300x203.jpg",300,203,true],"medium_large":["https:\/\/machala247.com\/wp-content\/uploads\/2026\/04\/WWOVX76HHZDJVMXDRYZKEH3W4E-905x613-1-768x520.jpg",640,433,true],"large":["https:\/\/machala247.com\/wp-content\/uploads\/2026\/04\/WWOVX76HHZDJVMXDRYZKEH3W4E-905x613-1.jpg",640,434,false],"1536x1536":["https:\/\/machala247.com\/wp-content\/uploads\/2026\/04\/WWOVX76HHZDJVMXDRYZKEH3W4E-905x613-1.jpg",905,613,false],"2048x2048":["https:\/\/machala247.com\/wp-content\/uploads\/2026\/04\/WWOVX76HHZDJVMXDRYZKEH3W4E-905x613-1.jpg",905,613,false],"morenews-featured":["https:\/\/machala247.com\/wp-content\/uploads\/2026\/04\/WWOVX76HHZDJVMXDRYZKEH3W4E-905x613-1.jpg",905,613,false],"morenews-large":["https:\/\/machala247.com\/wp-content\/uploads\/2026\/04\/WWOVX76HHZDJVMXDRYZKEH3W4E-905x613-1-825x575.jpg",825,575,true],"morenews-medium":["https:\/\/machala247.com\/wp-content\/uploads\/2026\/04\/WWOVX76HHZDJVMXDRYZKEH3W4E-905x613-1-590x410.jpg",590,410,true]},"author_info":{"display_name":"Machala 247","author_link":"https:\/\/machala247.com\/index.php\/author\/danielmorocho\/"},"category_info":"<a href=\"https:\/\/machala247.com\/index.php\/category\/ecuador\/\" rel=\"category tag\">Ecuador<\/a>","tag_info":"Ecuador","comment_count":"0","jetpack_featured_media_url":"https:\/\/machala247.com\/wp-content\/uploads\/2026\/04\/WWOVX76HHZDJVMXDRYZKEH3W4E-905x613-1.jpg","jetpack_sharing_enabled":true,"jetpack_shortlink":"https:\/\/wp.me\/pgQ5hh-1l7","_links":{"self":[{"href":"https:\/\/machala247.com\/index.php\/wp-json\/wp\/v2\/posts\/5153","targetHints":{"allow":["GET"]}}],"collection":[{"href":"https:\/\/machala247.com\/index.php\/wp-json\/wp\/v2\/posts"}],"about":[{"href":"https:\/\/machala247.com\/index.php\/wp-json\/wp\/v2\/types\/post"}],"author":[{"embeddable":true,"href":"https:\/\/machala247.com\/index.php\/wp-json\/wp\/v2\/users\/3"}],"replies":[{"embeddable":true,"href":"https:\/\/machala247.com\/index.php\/wp-json\/wp\/v2\/comments?post=5153"}],"version-history":[{"count":1,"href":"https:\/\/machala247.com\/index.php\/wp-json\/wp\/v2\/posts\/5153\/revisions"}],"predecessor-version":[{"id":5155,"href":"https:\/\/machala247.com\/index.php\/wp-json\/wp\/v2\/posts\/5153\/revisions\/5155"}],"wp:featuredmedia":[{"embeddable":true,"href":"https:\/\/machala247.com\/index.php\/wp-json\/wp\/v2\/media\/5154"}],"wp:attachment":[{"href":"https:\/\/machala247.com\/index.php\/wp-json\/wp\/v2\/media?parent=5153"}],"wp:term":[{"taxonomy":"category","embeddable":true,"href":"https:\/\/machala247.com\/index.php\/wp-json\/wp\/v2\/categories?post=5153"},{"taxonomy":"post_tag","embeddable":true,"href":"https:\/\/machala247.com\/index.php\/wp-json\/wp\/v2\/tags?post=5153"}],"curies":[{"name":"wp","href":"https:\/\/api.w.org\/{rel}","templated":true}]}}