{"id":5147,"date":"2026-04-27T22:41:35","date_gmt":"2026-04-27T20:41:35","guid":{"rendered":"https:\/\/machala247.com\/?p=5147"},"modified":"2026-04-27T22:41:35","modified_gmt":"2026-04-27T20:41:35","slug":"adulto-mayor-fue-asesinado-en-ataque-con-una-barreta-en-su-vivienda-de-loja","status":"publish","type":"post","link":"https:\/\/machala247.com\/index.php\/2026\/04\/27\/adulto-mayor-fue-asesinado-en-ataque-con-una-barreta-en-su-vivienda-de-loja\/","title":{"rendered":"Adulto mayor fue asesinado en ataque con una barreta en su vivienda de Loja"},"content":{"rendered":"<p class=\"prose-text\" data-mrf-recirculation=\"Links article\"><b>Carlos Manuel Contento Amay<\/b>, de 89 a\u00f1os, fue hallado sin vida tras un ataque reportado en una vivienda ubicada en el sector de El Calvario, en Loja.<\/p>\n<p class=\"prose-text\" data-mrf-recirculation=\"Links article\">El adulto mayor habr\u00eda sido atacado aparentemente con\u00a0<b>objetos contundentes<\/b>\u00a0mientras descansaba en su habitaci\u00f3n, seg\u00fan el reporte policial.<\/p>\n<p class=\"prose-text\" data-mrf-recirculation=\"Links article\">El hecho ocurri\u00f3 a las\u00a0<b>03:20 de este lunes, 27 de abril,<\/b>\u00a0en un inmueble situado en la avenida Santa Mariana de Jes\u00fas.<\/p>\n<h2 class=\"\">Intervenci\u00f3n policial y hallazgo de indicios<\/h2>\n<p class=\"prose-text\" data-mrf-recirculation=\"Links article\">Personal de la Direcci\u00f3n Nacional de Investigaci\u00f3n de Delitos contra la Vida, Muertes Violentas, Desapariciones, Secuestro y Extorsi\u00f3n acudi\u00f3 al sitio tras una alerta emitida por el\u00a0<b>ECU911<\/b>.<\/p>\n<p class=\"prose-text\" data-mrf-recirculation=\"Links article\">Seg\u00fan informaci\u00f3n preliminar, el adulto mayor se encontraba en su habitaci\u00f3n durmiendo cuando fue agredido.<\/p>\n<div class=\"RawHtml | space-y-2\">\n<div class=\"text-base max-w-full\">\n<div id=\"active-campaing-form-marcador\">Al llegar al lugar, los agentes verificaron que el cuerpo estaba sin signos vitales y presentaba varias heridas provocadas, aparentemente, con <b>objetos contundentes<\/b>.<\/div>\n<\/div>\n<\/div>\n<div><\/div>\n<div>En la escena, Criminal\u00edstica levant\u00f3 varios indicios que ser\u00e1n incorporados a la investigaci\u00f3n, entre ellos una <b>barreta, un martillo, un hacha<\/b>\u00a0y prendas de vestir.<\/div>\n<div>\n<p class=\"prose-text\" data-mrf-recirculation=\"Links article\">Uno de los familiares relat\u00f3 a los investigadores que, mientras descansaban, escucharon movimientos fuera de la vivienda. Luego se encendi\u00f3 una luz, los perros empezaron a ladrar y despu\u00e9s se oyeron los golpes. Al salir a verificar lo ocurrido, observaron a una persona extra\u00f1a dentro del inmueble.<\/p>\n<p class=\"prose-text\" data-mrf-recirculation=\"Links article\">Seg\u00fan esa versi\u00f3n, el hombre ten\u00eda manchas de sangre y sosten\u00eda una barreta. En ese momento, los familiares se percataron de que\u00a0<b>Contento<\/b>\u00a0se encontraba tendido en el suelo, por lo que encerraron al presunto agresor y alertaron de inmediato al\u00a0<b>ECU911<\/b>.<\/p>\n<h2 class=\"\">Detalles del sospechoso e investigaci\u00f3n en curso<\/h2>\n<p class=\"prose-text\" data-mrf-recirculation=\"Links article\">La Polic\u00eda inform\u00f3 que el sospechoso fue aprehendido en flagrancia. Se trata de\u00a0<b>Freddy G.<\/b>, de 30 a\u00f1os, quien no registra antecedentes en el sistema policial ni procesos judiciales, seg\u00fan los datos preliminares incluidos en el parte policial.<\/p>\n<p class=\"prose-text\" data-mrf-recirculation=\"Links article\">La Fiscal\u00eda de turno dispuso el levantamiento del cuerpo y su traslado al Departamento de Medicina Legal y Ciencias Forenses para la necropsia correspondiente.<\/p>\n<p class=\"prose-text\" data-mrf-recirculation=\"Links article\">Mientras tanto, agentes de la\u00a0<b>Dinased<\/b>\u00a0continuaron con entrevistas a moradores, el levantamiento de informaci\u00f3n en el vecindario y otras diligencias para establecer la motivaci\u00f3n del crimen.<\/p>\n<\/div>\n","protected":false},"excerpt":{"rendered":"<p>Carlos Manuel Contento Amay, de 89 a\u00f1os, fue hallado sin vida tras un ataque reportado en una vivienda<\/p>\n","protected":false},"author":3,"featured_media":5148,"comment_status":"open","ping_status":"open","sticky":false,"template":"","format":"standard","meta":{"_jetpack_memberships_contains_paid_content":false,"footnotes":"","jetpack_publicize_message":"","jetpack_publicize_feature_enabled":true,"jetpack_social_post_already_shared":true,"jetpack_social_options":{"image_generator_settings":{"template":"highway","default_image_id":0,"font":"","enabled":false},"version":2}},"categories":[3],"tags":[],"class_list":["post-5147","post","type-post","status-publish","format-standard","has-post-thumbnail","hentry","category-ecuador"],"jetpack_publicize_connections":[],"featured_image_urls":{"full":["https:\/\/machala247.com\/wp-content\/uploads\/2026\/04\/72RZ7CXLIVDAZJZ7R4BUHLXQUU.avif",1192,670,false],"thumbnail":["https:\/\/machala247.com\/wp-content\/uploads\/2026\/04\/72RZ7CXLIVDAZJZ7R4BUHLXQUU-150x150.jpg",150,150,true],"medium":["https:\/\/machala247.com\/wp-content\/uploads\/2026\/04\/72RZ7CXLIVDAZJZ7R4BUHLXQUU-300x169.jpg",300,169,true],"medium_large":["https:\/\/machala247.com\/wp-content\/uploads\/2026\/04\/72RZ7CXLIVDAZJZ7R4BUHLXQUU-768x432.jpg",640,360,true],"large":["https:\/\/machala247.com\/wp-content\/uploads\/2026\/04\/72RZ7CXLIVDAZJZ7R4BUHLXQUU-1024x576.jpg",640,360,true],"1536x1536":["https:\/\/machala247.com\/wp-content\/uploads\/2026\/04\/72RZ7CXLIVDAZJZ7R4BUHLXQUU.avif",1192,670,false],"2048x2048":["https:\/\/machala247.com\/wp-content\/uploads\/2026\/04\/72RZ7CXLIVDAZJZ7R4BUHLXQUU.avif",1192,670,false],"morenews-featured":["https:\/\/machala247.com\/wp-content\/uploads\/2026\/04\/72RZ7CXLIVDAZJZ7R4BUHLXQUU-1024x576.jpg",1024,576,true],"morenews-large":["https:\/\/machala247.com\/wp-content\/uploads\/2026\/04\/72RZ7CXLIVDAZJZ7R4BUHLXQUU-825x575.jpg",825,575,true],"morenews-medium":["https:\/\/machala247.com\/wp-content\/uploads\/2026\/04\/72RZ7CXLIVDAZJZ7R4BUHLXQUU-590x410.jpg",590,410,true]},"author_info":{"display_name":"Machala 247","author_link":"https:\/\/machala247.com\/index.php\/author\/danielmorocho\/"},"category_info":"<a href=\"https:\/\/machala247.com\/index.php\/category\/ecuador\/\" rel=\"category tag\">Ecuador<\/a>","tag_info":"Ecuador","comment_count":"0","jetpack_featured_media_url":"https:\/\/machala247.com\/wp-content\/uploads\/2026\/04\/72RZ7CXLIVDAZJZ7R4BUHLXQUU.avif","jetpack_sharing_enabled":true,"jetpack_shortlink":"https:\/\/wp.me\/pgQ5hh-1l1","_links":{"self":[{"href":"https:\/\/machala247.com\/index.php\/wp-json\/wp\/v2\/posts\/5147","targetHints":{"allow":["GET"]}}],"collection":[{"href":"https:\/\/machala247.com\/index.php\/wp-json\/wp\/v2\/posts"}],"about":[{"href":"https:\/\/machala247.com\/index.php\/wp-json\/wp\/v2\/types\/post"}],"author":[{"embeddable":true,"href":"https:\/\/machala247.com\/index.php\/wp-json\/wp\/v2\/users\/3"}],"replies":[{"embeddable":true,"href":"https:\/\/machala247.com\/index.php\/wp-json\/wp\/v2\/comments?post=5147"}],"version-history":[{"count":1,"href":"https:\/\/machala247.com\/index.php\/wp-json\/wp\/v2\/posts\/5147\/revisions"}],"predecessor-version":[{"id":5149,"href":"https:\/\/machala247.com\/index.php\/wp-json\/wp\/v2\/posts\/5147\/revisions\/5149"}],"wp:featuredmedia":[{"embeddable":true,"href":"https:\/\/machala247.com\/index.php\/wp-json\/wp\/v2\/media\/5148"}],"wp:attachment":[{"href":"https:\/\/machala247.com\/index.php\/wp-json\/wp\/v2\/media?parent=5147"}],"wp:term":[{"taxonomy":"category","embeddable":true,"href":"https:\/\/machala247.com\/index.php\/wp-json\/wp\/v2\/categories?post=5147"},{"taxonomy":"post_tag","embeddable":true,"href":"https:\/\/machala247.com\/index.php\/wp-json\/wp\/v2\/tags?post=5147"}],"curies":[{"name":"wp","href":"https:\/\/api.w.org\/{rel}","templated":true}]}}