{"id":5131,"date":"2026-04-26T16:33:50","date_gmt":"2026-04-26T14:33:50","guid":{"rendered":"https:\/\/machala247.com\/?p=5131"},"modified":"2026-04-26T16:33:50","modified_gmt":"2026-04-26T14:33:50","slug":"matheo-carrillo-estudiante-de-la-utmach-recibio-reconocimiento-internacional","status":"publish","type":"post","link":"https:\/\/machala247.com\/index.php\/2026\/04\/26\/matheo-carrillo-estudiante-de-la-utmach-recibio-reconocimiento-internacional\/","title":{"rendered":"Matheo Carrillo, estudiante de la UTMACH recibi\u00f3 reconocimiento internacional"},"content":{"rendered":"<p>El talento joven ecuatoriano brill\u00f3 con fuerza, en la ciudad de Manta. En el marco de la VIII Cumbre Internacional de la Juventud y la Democracia, organizada por la Red Mundial de J\u00f3venes Pol\u00edticos Ecuador, un estudiante de la Universidad T\u00e9cnica de Machala se alz\u00f3 con uno de los reconocimientos m\u00e1s destacados del encuentro.<\/p>\n<p>Matheo Carrillo Benalc\u00e1zaar, estudiante de Derecho, fue galardonado con el Premio Internacional a la Juventud, gracias a un innovador proyecto enfocado en la salud y el bienestar comunitario. Su propuesta logr\u00f3 sobresalir entre iniciativas de j\u00f3venes l\u00edderes provenientes de m\u00e1s de 30 pa\u00edses, consolid\u00e1ndose como una de las m\u00e1s relevantes de la cumbre.<\/p>\n<p>El reconocimiento no solo valida la calidad de su trabajo, sino que tambi\u00e9n proyecta el potencial de una generaci\u00f3n comprometida con la transformaci\u00f3n social. En un escenario internacional donde las nuevas voces buscan incidir en la pol\u00edtica y la democracia, este logro demuestra que la juventud ecuatoriana no espera el cambio: lo impulsa.<\/p>\n<p>Adem\u00e1s de posicionar el talento nacional, este hito fortalece el rol de la academia como espacio de formaci\u00f3n de l\u00edderes con visi\u00f3n global, destacando el aporte de la Universidad T\u00e9cnica de Machala en la construcci\u00f3n de propuestas con impacto social.<\/p>\n<p>Este reconocimiento marca un precedente y abre camino para que m\u00e1s j\u00f3venes ecuatorianos participen activamente en espacios internacionales de liderazgo.<\/p>\n","protected":false},"excerpt":{"rendered":"<p>El talento joven ecuatoriano brill\u00f3 con fuerza, en la ciudad de Manta. En el marco de la VIII<\/p>\n","protected":false},"author":3,"featured_media":5132,"comment_status":"open","ping_status":"open","sticky":false,"template":"","format":"standard","meta":{"_jetpack_memberships_contains_paid_content":false,"footnotes":"","jetpack_publicize_message":"","jetpack_publicize_feature_enabled":true,"jetpack_social_post_already_shared":true,"jetpack_social_options":{"image_generator_settings":{"template":"highway","default_image_id":0,"font":"","enabled":false},"version":2}},"categories":[1],"tags":[],"class_list":["post-5131","post","type-post","status-publish","format-standard","has-post-thumbnail","hentry","category-el-oro"],"jetpack_publicize_connections":[],"featured_image_urls":{"full":["https:\/\/machala247.com\/wp-content\/uploads\/2026\/04\/IMG-20260426-WA0003.jpg",1426,1600,false],"thumbnail":["https:\/\/machala247.com\/wp-content\/uploads\/2026\/04\/IMG-20260426-WA0003-150x150.jpg",150,150,true],"medium":["https:\/\/machala247.com\/wp-content\/uploads\/2026\/04\/IMG-20260426-WA0003-267x300.jpg",267,300,true],"medium_large":["https:\/\/machala247.com\/wp-content\/uploads\/2026\/04\/IMG-20260426-WA0003-768x862.jpg",640,718,true],"large":["https:\/\/machala247.com\/wp-content\/uploads\/2026\/04\/IMG-20260426-WA0003-913x1024.jpg",640,718,true],"1536x1536":["https:\/\/machala247.com\/wp-content\/uploads\/2026\/04\/IMG-20260426-WA0003-1369x1536.jpg",1369,1536,true],"2048x2048":["https:\/\/machala247.com\/wp-content\/uploads\/2026\/04\/IMG-20260426-WA0003.jpg",1426,1600,false],"morenews-featured":["https:\/\/machala247.com\/wp-content\/uploads\/2026\/04\/IMG-20260426-WA0003-1024x1149.jpg",1024,1149,true],"morenews-large":["https:\/\/machala247.com\/wp-content\/uploads\/2026\/04\/IMG-20260426-WA0003-825x575.jpg",825,575,true],"morenews-medium":["https:\/\/machala247.com\/wp-content\/uploads\/2026\/04\/IMG-20260426-WA0003-590x410.jpg",590,410,true]},"author_info":{"display_name":"Machala 247","author_link":"https:\/\/machala247.com\/index.php\/author\/danielmorocho\/"},"category_info":"<a href=\"https:\/\/machala247.com\/index.php\/category\/el-oro\/\" rel=\"category tag\">El Oro<\/a>","tag_info":"El Oro","comment_count":"0","jetpack_featured_media_url":"https:\/\/machala247.com\/wp-content\/uploads\/2026\/04\/IMG-20260426-WA0003.jpg","jetpack_sharing_enabled":true,"jetpack_shortlink":"https:\/\/wp.me\/pgQ5hh-1kL","_links":{"self":[{"href":"https:\/\/machala247.com\/index.php\/wp-json\/wp\/v2\/posts\/5131","targetHints":{"allow":["GET"]}}],"collection":[{"href":"https:\/\/machala247.com\/index.php\/wp-json\/wp\/v2\/posts"}],"about":[{"href":"https:\/\/machala247.com\/index.php\/wp-json\/wp\/v2\/types\/post"}],"author":[{"embeddable":true,"href":"https:\/\/machala247.com\/index.php\/wp-json\/wp\/v2\/users\/3"}],"replies":[{"embeddable":true,"href":"https:\/\/machala247.com\/index.php\/wp-json\/wp\/v2\/comments?post=5131"}],"version-history":[{"count":1,"href":"https:\/\/machala247.com\/index.php\/wp-json\/wp\/v2\/posts\/5131\/revisions"}],"predecessor-version":[{"id":5133,"href":"https:\/\/machala247.com\/index.php\/wp-json\/wp\/v2\/posts\/5131\/revisions\/5133"}],"wp:featuredmedia":[{"embeddable":true,"href":"https:\/\/machala247.com\/index.php\/wp-json\/wp\/v2\/media\/5132"}],"wp:attachment":[{"href":"https:\/\/machala247.com\/index.php\/wp-json\/wp\/v2\/media?parent=5131"}],"wp:term":[{"taxonomy":"category","embeddable":true,"href":"https:\/\/machala247.com\/index.php\/wp-json\/wp\/v2\/categories?post=5131"},{"taxonomy":"post_tag","embeddable":true,"href":"https:\/\/machala247.com\/index.php\/wp-json\/wp\/v2\/tags?post=5131"}],"curies":[{"name":"wp","href":"https:\/\/api.w.org\/{rel}","templated":true}]}}