{"id":4184,"date":"2026-03-11T18:31:25","date_gmt":"2026-03-11T17:31:25","guid":{"rendered":"https:\/\/machala247.com\/?p=4184"},"modified":"2026-03-11T18:31:25","modified_gmt":"2026-03-11T17:31:25","slug":"cinco-personas-son-asesinadas-dentro-de-un-vehiculo-en-la-cuca","status":"publish","type":"post","link":"https:\/\/machala247.com\/index.php\/2026\/03\/11\/cinco-personas-son-asesinadas-dentro-de-un-vehiculo-en-la-cuca\/","title":{"rendered":"Cinco personas son asesinadas dentro de un veh\u00edculo en La Cuca"},"content":{"rendered":"<p data-start=\"0\" data-end=\"245\">La violencia volvi\u00f3 a golpear a la provincia de El Oro la ma\u00f1ana de este mi\u00e9rcoles 11 de marzo. En la parroquia La Cuca, perteneciente al cant\u00f3n Arenillas, al menos cinco personas fueron asesinadas a tiros mientras se movilizaban en un veh\u00edculo.<\/p>\n<p data-start=\"247\" data-end=\"472\">El ataque ocurri\u00f3 alrededor de las 11:10 en una v\u00eda del sector. De acuerdo con informaci\u00f3n preliminar, varios sujetos armados interceptaron el autom\u00f3vil en el que viajaban las v\u00edctimas y abrieron fuego en repetidas ocasiones.<\/p>\n<p data-start=\"474\" data-end=\"709\">Debido a la gravedad de las heridas provocadas por los disparos, los ocupantes del veh\u00edculo murieron en el lugar. El automotor qued\u00f3 detenido a un costado de la v\u00eda con m\u00faltiples impactos de bala, evidenciando la intensidad del ataque.<\/p>\n<p data-start=\"711\" data-end=\"884\">Tras la alerta de los ciudadanos, unidades de la Polic\u00eda Nacional se desplazaron hasta la zona para acordonar el \u00e1rea y comenzar con las primeras diligencias investigativas.<\/p>\n<p data-start=\"886\" data-end=\"1111\">Agentes de Criminal\u00edstica y de la Direcci\u00f3n Nacional de Delitos contra la Vida (Dinased) acudieron al sitio para realizar el levantamiento de los cuerpos y recopilar indicios que permitan esclarecer este nuevo hecho violento.<\/p>\n<p data-start=\"1113\" data-end=\"1433\" data-is-last-node=\"\" data-is-only-node=\"\">Hasta el momento, las autoridades no han informado oficialmente sobre la identidad de las v\u00edctimas ni sobre posibles detenidos. Mientras tanto, las investigaciones contin\u00faan para determinar las circunstancias del ataque, que no se descarta est\u00e9 vinculado a disputas entre organizaciones criminales que operan en la zona.<\/p>\n","protected":false},"excerpt":{"rendered":"<p>La violencia volvi\u00f3 a golpear a la provincia de El Oro la ma\u00f1ana de este mi\u00e9rcoles 11 de<\/p>\n","protected":false},"author":3,"featured_media":4185,"comment_status":"open","ping_status":"open","sticky":false,"template":"","format":"standard","meta":{"_jetpack_memberships_contains_paid_content":false,"footnotes":"","jetpack_publicize_message":"","jetpack_publicize_feature_enabled":true,"jetpack_social_post_already_shared":true,"jetpack_social_options":{"image_generator_settings":{"template":"highway","default_image_id":0,"font":"","enabled":false},"version":2}},"categories":[3],"tags":[],"class_list":["post-4184","post","type-post","status-publish","format-standard","has-post-thumbnail","hentry","category-ecuador"],"jetpack_publicize_connections":[],"featured_image_urls":{"full":["https:\/\/machala247.com\/wp-content\/uploads\/2026\/03\/gwrgwrgwrg.png",1332,720,false],"thumbnail":["https:\/\/machala247.com\/wp-content\/uploads\/2026\/03\/gwrgwrgwrg-150x150.png",150,150,true],"medium":["https:\/\/machala247.com\/wp-content\/uploads\/2026\/03\/gwrgwrgwrg-300x162.png",300,162,true],"medium_large":["https:\/\/machala247.com\/wp-content\/uploads\/2026\/03\/gwrgwrgwrg-768x415.png",640,346,true],"large":["https:\/\/machala247.com\/wp-content\/uploads\/2026\/03\/gwrgwrgwrg-1024x554.png",640,346,true],"1536x1536":["https:\/\/machala247.com\/wp-content\/uploads\/2026\/03\/gwrgwrgwrg.png",1332,720,false],"2048x2048":["https:\/\/machala247.com\/wp-content\/uploads\/2026\/03\/gwrgwrgwrg.png",1332,720,false],"morenews-featured":["https:\/\/machala247.com\/wp-content\/uploads\/2026\/03\/gwrgwrgwrg-1024x554.png",1024,554,true],"morenews-large":["https:\/\/machala247.com\/wp-content\/uploads\/2026\/03\/gwrgwrgwrg-825x575.png",825,575,true],"morenews-medium":["https:\/\/machala247.com\/wp-content\/uploads\/2026\/03\/gwrgwrgwrg-590x410.png",590,410,true]},"author_info":{"display_name":"Machala 247","author_link":"https:\/\/machala247.com\/index.php\/author\/danielmorocho\/"},"category_info":"<a href=\"https:\/\/machala247.com\/index.php\/category\/ecuador\/\" rel=\"category tag\">Ecuador<\/a>","tag_info":"Ecuador","comment_count":"0","jetpack_featured_media_url":"https:\/\/machala247.com\/wp-content\/uploads\/2026\/03\/gwrgwrgwrg.png","jetpack_sharing_enabled":true,"jetpack_shortlink":"https:\/\/wp.me\/pgQ5hh-15u","_links":{"self":[{"href":"https:\/\/machala247.com\/index.php\/wp-json\/wp\/v2\/posts\/4184","targetHints":{"allow":["GET"]}}],"collection":[{"href":"https:\/\/machala247.com\/index.php\/wp-json\/wp\/v2\/posts"}],"about":[{"href":"https:\/\/machala247.com\/index.php\/wp-json\/wp\/v2\/types\/post"}],"author":[{"embeddable":true,"href":"https:\/\/machala247.com\/index.php\/wp-json\/wp\/v2\/users\/3"}],"replies":[{"embeddable":true,"href":"https:\/\/machala247.com\/index.php\/wp-json\/wp\/v2\/comments?post=4184"}],"version-history":[{"count":1,"href":"https:\/\/machala247.com\/index.php\/wp-json\/wp\/v2\/posts\/4184\/revisions"}],"predecessor-version":[{"id":4186,"href":"https:\/\/machala247.com\/index.php\/wp-json\/wp\/v2\/posts\/4184\/revisions\/4186"}],"wp:featuredmedia":[{"embeddable":true,"href":"https:\/\/machala247.com\/index.php\/wp-json\/wp\/v2\/media\/4185"}],"wp:attachment":[{"href":"https:\/\/machala247.com\/index.php\/wp-json\/wp\/v2\/media?parent=4184"}],"wp:term":[{"taxonomy":"category","embeddable":true,"href":"https:\/\/machala247.com\/index.php\/wp-json\/wp\/v2\/categories?post=4184"},{"taxonomy":"post_tag","embeddable":true,"href":"https:\/\/machala247.com\/index.php\/wp-json\/wp\/v2\/tags?post=4184"}],"curies":[{"name":"wp","href":"https:\/\/api.w.org\/{rel}","templated":true}]}}