{"id":4083,"date":"2026-03-05T02:25:03","date_gmt":"2026-03-05T01:25:03","guid":{"rendered":"https:\/\/machala247.com\/?p=4083"},"modified":"2026-03-05T02:25:03","modified_gmt":"2026-03-05T01:25:03","slug":"el-embajador-de-cuba-en-ecuador-basilio-gutierrez-garcia-fue-declarado-persona-non-grata-por-el-gobierno-nacional","status":"publish","type":"post","link":"https:\/\/machala247.com\/index.php\/2026\/03\/05\/el-embajador-de-cuba-en-ecuador-basilio-gutierrez-garcia-fue-declarado-persona-non-grata-por-el-gobierno-nacional\/","title":{"rendered":"El embajador de Cuba en Ecuador, Basilio Guti\u00e9rrez Garc\u00eda, fue declarado persona non grata por el Gobierno Nacional"},"content":{"rendered":"<p>El Gobierno de Ecuador declar\u00f3 persona non grata al embajador de Cuba en Ecuador,<strong>\u00a0Basilio Antonio Guti\u00e9rrez Garc\u00eda<\/strong>, este 4 de marzo de 2026. Lo se\u00f1ala la nota n\u00famero MREMH-DCP-2026-0002-N, del<strong>\u00a0Ministerio de Relaciones Exteriores y Movilidad Humana<\/strong><a target=\"_blank\" rel=\"\"><strong>.<\/strong><\/a><\/p>\n<p>La misma medida aplica para 22 funcionarios que integran el personal diplom\u00e1tico de la Embajada de la isla caribe\u00f1a en Quito. De igual forma, en un comunicado de prensa, la Canciller\u00eda public\u00f3 un comunicado en el que se indica que Guti\u00e9rrez fue declarado persona non grata.<\/p>\n<p>La medida fue tomada con base en el art\u00edculo 9 de la<strong>\u00a0Convenci\u00f3n de Viena sobre Relaciones Diplom\u00e1ticas<\/strong>. \u201cSe ha concedido un plazo de 48 horas, conforme la pr\u00e1ctica diplom\u00e1tica, para que el Embajador y todos los funcionarios de esa Misi\u00f3n Diplom\u00e1tica abandonen el territorio nacional\u201d.<\/p>\n<h2><strong>\u00bfQu\u00e9 pas\u00f3 con Jos\u00e9 Mar\u00eda Borja?<\/strong><\/h2>\n<p>Con la emisi\u00f3n del Decreto n\u00famero 317, el\u00a0<strong>presidente Daniel Noboa Az\u00edn<\/strong>\u00a0dio por terminadas las funciones de\u00a0<strong>Jos\u00e9 Mar\u00eda Borja L\u00f3pez<\/strong>\u00a0como embajador del Ecuador ante el Gobierno de la Rep\u00fablica de Cuba, as\u00ed como las de embajador extraordinario y plenipotenciario concurrente ante los gobiernos de la Mancomunidad de Dominica, Jamaica y ante San Vicente y las Granadinas, con sede en\u00a0<strong>La Habana<\/strong>.<\/p>\n<p>El documento entrar\u00e1 en vigencia a partir de su suscripci\u00f3n, sin perjuicio de su publicaci\u00f3n en el\u00a0<strong>Registro Oficial<\/strong>.<\/p>\n<p>Cita el art\u00edculo 116 de la Ley Org\u00e1nica del Servicio Exterior, el cual establece que los funcionarios designados como jefes de misi\u00f3n o jefes de Oficinas Consulares son de libre remoci\u00f3n.<\/p>\n<h2><strong>Quema de papeles<\/strong><\/h2>\n<p>En la terraza de la<strong>\u00a0Embajada de Cuba<\/strong>, en Quito, se quemaron papeles. En una foto a\u00e9rea se puede observar a un hombre haci\u00e9ndolo en un asador. En las afueras, agentes de seguridad resguardan el sitio.<\/p>\n<p>En su cuenta de X, el\u00a0<strong>presidente Daniel Noboa<\/strong>\u00a0calific\u00f3 a ese momento como<strong>\u00a0\u201cparrillada de papeles\u201d<\/strong>.<\/p>\n<h2><strong>La reacci\u00f3n de Cuba<\/strong><\/h2>\n<p>En un comunicado, el\u00a0<strong>Ministerio de Relaciones Exteriores de Cuba<\/strong>\u00a0rechaz\u00f3, en los t\u00e9rminos m\u00e1s en\u00e9rgicos, la decisi\u00f3n arbitraria e injustificada del gobierno del Ecuador, de expulsar a todo el personal de la Embajada cubana en ese pa\u00eds.<\/p>\n<p>Argument\u00f3 que hoy, la\u00a0<strong>Canciller\u00eda de Ecuador<\/strong>\u00a0inform\u00f3 mediante Nota Verbal la decisi\u00f3n de declarar persona non grata, sin aportar argumento alguno, a todo el personal diplom\u00e1tico, consular y administrativo de la\u00a0<strong>Embajada de Cuba en Quito<\/strong>, al que impuso un plazo de 48 horas para abandonar territorio nacional.<\/p>\n<blockquote><p>Se trata de un acto inamistoso y sin precedentes, que da\u00f1a significativamente las hist\u00f3ricas relaciones de amistad y cooperaci\u00f3n entre ambos pa\u00edses y pueblos.<\/p><\/blockquote>\n<p>Esta acci\u00f3n demuestra -seg\u00fan el Ministerio de Relaciones Exteriores cubano- el desprecio del actual gobierno de Ecuador por las pr\u00e1cticas y cortes\u00edas diplom\u00e1ticas observadas por la<strong>\u00a0comunidad internacional<\/strong>. A\u00f1ade que ha cumplido estrictamente con el respeto a las leyes y<strong>\u00a0reglamentos del Ecuador<\/strong>\u00a0sin inmiscuirse en los asuntos internos de ese Estado.<\/p>\n<blockquote><p>No parece casual que haya sido tomada en un contexto caracterizado por el reforzamiento de la agresi\u00f3n de los Estados Unidos contra Cuba y de las fuertes presiones del gobierno de ese pa\u00eds a terceros Estados para que se sumen a esa pol\u00edtica, a escasos d\u00edas de la Cumbre que ha sido convocada en Miami, el 7 de marzo, con un grupo reducido de representantes de gobiernos de la regi\u00f3n.<\/p><\/blockquote>\n","protected":false},"excerpt":{"rendered":"<p>El Gobierno de Ecuador declar\u00f3 persona non grata al embajador de Cuba en Ecuador,\u00a0Basilio Antonio Guti\u00e9rrez Garc\u00eda, este<\/p>\n","protected":false},"author":3,"featured_media":4084,"comment_status":"open","ping_status":"open","sticky":false,"template":"","format":"standard","meta":{"_jetpack_memberships_contains_paid_content":false,"footnotes":"","jetpack_publicize_message":"","jetpack_publicize_feature_enabled":true,"jetpack_social_post_already_shared":true,"jetpack_social_options":{"image_generator_settings":{"template":"highway","default_image_id":0,"font":"","enabled":false},"version":2}},"categories":[1,46,13],"tags":[],"class_list":["post-4083","post","type-post","status-publish","format-standard","has-post-thumbnail","hentry","category-el-oro","category-local","category-portada"],"jetpack_publicize_connections":[],"featured_image_urls":{"full":["https:\/\/machala247.com\/wp-content\/uploads\/2026\/03\/portada_-4-jpg_1.jpeg_1103262874.webp",1200,675,false],"thumbnail":["https:\/\/machala247.com\/wp-content\/uploads\/2026\/03\/portada_-4-jpg_1.jpeg_1103262874-150x150.webp",150,150,true],"medium":["https:\/\/machala247.com\/wp-content\/uploads\/2026\/03\/portada_-4-jpg_1.jpeg_1103262874-300x169.webp",300,169,true],"medium_large":["https:\/\/machala247.com\/wp-content\/uploads\/2026\/03\/portada_-4-jpg_1.jpeg_1103262874-768x432.webp",640,360,true],"large":["https:\/\/machala247.com\/wp-content\/uploads\/2026\/03\/portada_-4-jpg_1.jpeg_1103262874-1024x576.webp",640,360,true],"1536x1536":["https:\/\/machala247.com\/wp-content\/uploads\/2026\/03\/portada_-4-jpg_1.jpeg_1103262874.webp",1200,675,false],"2048x2048":["https:\/\/machala247.com\/wp-content\/uploads\/2026\/03\/portada_-4-jpg_1.jpeg_1103262874.webp",1200,675,false],"morenews-featured":["https:\/\/machala247.com\/wp-content\/uploads\/2026\/03\/portada_-4-jpg_1.jpeg_1103262874-1024x576.webp",1024,576,true],"morenews-large":["https:\/\/machala247.com\/wp-content\/uploads\/2026\/03\/portada_-4-jpg_1.jpeg_1103262874-825x575.webp",825,575,true],"morenews-medium":["https:\/\/machala247.com\/wp-content\/uploads\/2026\/03\/portada_-4-jpg_1.jpeg_1103262874-590x410.webp",590,410,true]},"author_info":{"display_name":"Machala 247","author_link":"https:\/\/machala247.com\/index.php\/author\/danielmorocho\/"},"category_info":"<a href=\"https:\/\/machala247.com\/index.php\/category\/el-oro\/\" rel=\"category tag\">El Oro<\/a> <a href=\"https:\/\/machala247.com\/index.php\/category\/local\/\" rel=\"category tag\">Local<\/a> <a href=\"https:\/\/machala247.com\/index.php\/category\/portada\/\" rel=\"category tag\">Portada<\/a>","tag_info":"Portada","comment_count":"0","jetpack_featured_media_url":"https:\/\/machala247.com\/wp-content\/uploads\/2026\/03\/portada_-4-jpg_1.jpeg_1103262874.webp","jetpack_sharing_enabled":true,"jetpack_shortlink":"https:\/\/wp.me\/pgQ5hh-13R","_links":{"self":[{"href":"https:\/\/machala247.com\/index.php\/wp-json\/wp\/v2\/posts\/4083","targetHints":{"allow":["GET"]}}],"collection":[{"href":"https:\/\/machala247.com\/index.php\/wp-json\/wp\/v2\/posts"}],"about":[{"href":"https:\/\/machala247.com\/index.php\/wp-json\/wp\/v2\/types\/post"}],"author":[{"embeddable":true,"href":"https:\/\/machala247.com\/index.php\/wp-json\/wp\/v2\/users\/3"}],"replies":[{"embeddable":true,"href":"https:\/\/machala247.com\/index.php\/wp-json\/wp\/v2\/comments?post=4083"}],"version-history":[{"count":1,"href":"https:\/\/machala247.com\/index.php\/wp-json\/wp\/v2\/posts\/4083\/revisions"}],"predecessor-version":[{"id":4085,"href":"https:\/\/machala247.com\/index.php\/wp-json\/wp\/v2\/posts\/4083\/revisions\/4085"}],"wp:featuredmedia":[{"embeddable":true,"href":"https:\/\/machala247.com\/index.php\/wp-json\/wp\/v2\/media\/4084"}],"wp:attachment":[{"href":"https:\/\/machala247.com\/index.php\/wp-json\/wp\/v2\/media?parent=4083"}],"wp:term":[{"taxonomy":"category","embeddable":true,"href":"https:\/\/machala247.com\/index.php\/wp-json\/wp\/v2\/categories?post=4083"},{"taxonomy":"post_tag","embeddable":true,"href":"https:\/\/machala247.com\/index.php\/wp-json\/wp\/v2\/tags?post=4083"}],"curies":[{"name":"wp","href":"https:\/\/api.w.org\/{rel}","templated":true}]}}